{"id":274,"date":"2019-09-24T07:09:06","date_gmt":"2019-09-24T07:09:06","guid":{"rendered":"http:\/\/xn--feuerwehr-knigssee-n3b.de\/?p=274"},"modified":"2019-09-24T07:09:07","modified_gmt":"2019-09-24T07:09:07","slug":"17-09-2019-leistungsabzeichen-fuer-17-wehrmaenner","status":"publish","type":"post","link":"http:\/\/xn--feuerwehr-knigssee-n3b.de\/?p=274","title":{"rendered":"17.09.2019 &#8211; Leistungsabzeichen f\u00fcr 17 Wehrm\u00e4nner"},"content":{"rendered":"\n<p>Sch\u00f6nau a. K\u00f6nigssee \u2013 Am Dienstag, 17. September 2019 absolvierten 17 Aktive Feuerwehrm\u00e4nner der FFW K\u00f6nigssee das Bayerische Leistungsabzeichen \u201eGruppe im L\u00f6schangriff\u201c. Unter Beobachtung der Schiedsrichter Harry Pirker, Sepp Ilsanker und Florian Hallinger mussten die Wehrm\u00e4nner bei verschiedenen Stationen ihr K\u00f6nnen unter Beweis stellen. Die beiden wehrinternen Ausbilder der FFW K\u00f6nigssee , Manfred Veicht und Wolfgang Hasenknopf , und die Teilnehmer selbst durften sich am Ende der Abnahme des Leistungsabzeichens gl\u00fccklich sch\u00e4tzen, denn alle 17 Teilnehmer haben bestanden.<\/p>\n\n\n\n<p>Alle zwei Jahre findet die Abnahme des Bayerischen Leistungsabzeichens \u201eGruppe im L\u00f6schangriff\u201c statt. Auch dieses Jahr fand die Abnahme auf dem Gel\u00e4nde der Bayerischen Seenschifffahrt am K\u00f6nigssee statt. <\/p>\n\n\n\n<figure class=\"wp-block-image\"><img loading=\"lazy\" decoding=\"async\" width=\"1024\" height=\"768\" src=\"http:\/\/xn--feuerwehr-knigssee-n3b.de\/wp-content\/uploads\/2019\/09\/2019la-1024x768.jpg\" alt=\"\" class=\"wp-image-275\" srcset=\"http:\/\/xn--feuerwehr-knigssee-n3b.de\/wp-content\/uploads\/2019\/09\/2019la-1024x768.jpg 1024w, http:\/\/xn--feuerwehr-knigssee-n3b.de\/wp-content\/uploads\/2019\/09\/2019la-300x225.jpg 300w, http:\/\/xn--feuerwehr-knigssee-n3b.de\/wp-content\/uploads\/2019\/09\/2019la-768x576.jpg 768w, http:\/\/xn--feuerwehr-knigssee-n3b.de\/wp-content\/uploads\/2019\/09\/2019la.jpg 1599w\" sizes=\"auto, (max-width: 1024px) 100vw, 1024px\" \/><\/figure>\n","protected":false},"excerpt":{"rendered":"<p>Sch\u00f6nau a. K\u00f6nigssee \u2013 Am Dienstag, 17. September 2019 absolvierten 17 Aktive Feuerwehrm\u00e4nner der FFW K\u00f6nigssee das Bayerische Leistungsabzeichen \u201eGruppe im L\u00f6schangriff\u201c. Unter Beobachtung der Schiedsrichter Harry Pirker, Sepp Ilsanker und Florian Hallinger mussten die Wehrm\u00e4nner bei verschiedenen Stationen ihr K\u00f6nnen unter Beweis stellen. Die beiden wehrinternen Ausbilder der FFW K\u00f6nigssee , Manfred Veicht und [&hellip;]<\/p>\n","protected":false},"author":1,"featured_media":0,"comment_status":"open","ping_status":"open","sticky":false,"template":"","format":"standard","meta":{"_eb_attr":"","footnotes":""},"categories":[5],"tags":[],"class_list":["post-274","post","type-post","status-publish","format-standard","hentry","category-allgemeines"],"_links":{"self":[{"href":"http:\/\/xn--feuerwehr-knigssee-n3b.de\/index.php?rest_route=\/wp\/v2\/posts\/274","targetHints":{"allow":["GET"]}}],"collection":[{"href":"http:\/\/xn--feuerwehr-knigssee-n3b.de\/index.php?rest_route=\/wp\/v2\/posts"}],"about":[{"href":"http:\/\/xn--feuerwehr-knigssee-n3b.de\/index.php?rest_route=\/wp\/v2\/types\/post"}],"author":[{"embeddable":true,"href":"http:\/\/xn--feuerwehr-knigssee-n3b.de\/index.php?rest_route=\/wp\/v2\/users\/1"}],"replies":[{"embeddable":true,"href":"http:\/\/xn--feuerwehr-knigssee-n3b.de\/index.php?rest_route=%2Fwp%2Fv2%2Fcomments&post=274"}],"version-history":[{"count":1,"href":"http:\/\/xn--feuerwehr-knigssee-n3b.de\/index.php?rest_route=\/wp\/v2\/posts\/274\/revisions"}],"predecessor-version":[{"id":276,"href":"http:\/\/xn--feuerwehr-knigssee-n3b.de\/index.php?rest_route=\/wp\/v2\/posts\/274\/revisions\/276"}],"wp:attachment":[{"href":"http:\/\/xn--feuerwehr-knigssee-n3b.de\/index.php?rest_route=%2Fwp%2Fv2%2Fmedia&parent=274"}],"wp:term":[{"taxonomy":"category","embeddable":true,"href":"http:\/\/xn--feuerwehr-knigssee-n3b.de\/index.php?rest_route=%2Fwp%2Fv2%2Fcategories&post=274"},{"taxonomy":"post_tag","embeddable":true,"href":"http:\/\/xn--feuerwehr-knigssee-n3b.de\/index.php?rest_route=%2Fwp%2Fv2%2Ftags&post=274"}],"curies":[{"name":"wp","href":"https:\/\/api.w.org\/{rel}","templated":true}]}}