{"id":565,"date":"2022-05-11T21:44:02","date_gmt":"2022-05-11T19:44:02","guid":{"rendered":"http:\/\/xn--feuerwehr-knigssee-n3b.de\/?p=565"},"modified":"2022-05-11T21:44:04","modified_gmt":"2022-05-11T19:44:04","slug":"08-05-2022-toller-bericht-ueber-unser-neues-ffw-haus","status":"publish","type":"post","link":"http:\/\/xn--feuerwehr-knigssee-n3b.de\/?p=565","title":{"rendered":"08.05.2022: Toller Bericht \u00fcber unser neues FFW Haus"},"content":{"rendered":"\n<p>Der Berchtesgadener Anzeiger hat einen sehr sch\u00f6nen Bericht \u00fcber unser neues Feuerwehrhaus geschrieben. Wir freuen uns nicht nur \u00fcber den Bericht, sondern auch \u00fcber das neue Ger\u00e4tehaus.<\/p>\n\n\n\n<p>Am 21.05. ist gro\u00dfe Er\u00f6ffnung:<\/p>\n\n\n\n<figure class=\"wp-block-image size-large\"><img loading=\"lazy\" decoding=\"async\" width=\"1024\" height=\"724\" src=\"http:\/\/xn--feuerwehr-knigssee-n3b.de\/wp-content\/uploads\/2022\/04\/C2297055-B648-4AD2-BEE3-9BE5CB3C938B-1024x724.png\" alt=\"\" class=\"wp-image-553\" srcset=\"http:\/\/xn--feuerwehr-knigssee-n3b.de\/wp-content\/uploads\/2022\/04\/C2297055-B648-4AD2-BEE3-9BE5CB3C938B-1024x724.png 1024w, http:\/\/xn--feuerwehr-knigssee-n3b.de\/wp-content\/uploads\/2022\/04\/C2297055-B648-4AD2-BEE3-9BE5CB3C938B-300x212.png 300w, http:\/\/xn--feuerwehr-knigssee-n3b.de\/wp-content\/uploads\/2022\/04\/C2297055-B648-4AD2-BEE3-9BE5CB3C938B-768x543.png 768w, http:\/\/xn--feuerwehr-knigssee-n3b.de\/wp-content\/uploads\/2022\/04\/C2297055-B648-4AD2-BEE3-9BE5CB3C938B-1536x1086.png 1536w, http:\/\/xn--feuerwehr-knigssee-n3b.de\/wp-content\/uploads\/2022\/04\/C2297055-B648-4AD2-BEE3-9BE5CB3C938B.png 2000w\" sizes=\"auto, (max-width: 1024px) 100vw, 1024px\" \/><\/figure>\n\n\n\n<p>Und hier der Link zu Bericht vom Berchtesgadener Anzeiger: <a href=\"https:\/\/www.berchtesgadener-anzeiger.de\/region-und-lokal\/lokales-berchtesgadener-land\/schoenau-am-koenigssee_artikel,-von-der-schuhschachtel-in-die-villa-_arid,700701.html\" target=\"_blank\" rel=\"noreferrer noopener\">Link<\/a><\/p>\n","protected":false},"excerpt":{"rendered":"<p>Der Berchtesgadener Anzeiger hat einen sehr sch\u00f6nen Bericht \u00fcber unser neues Feuerwehrhaus geschrieben. Wir freuen uns nicht nur \u00fcber den Bericht, sondern auch \u00fcber das neue Ger\u00e4tehaus. Am 21.05. ist gro\u00dfe Er\u00f6ffnung: Und hier der Link zu Bericht vom Berchtesgadener Anzeiger: Link<\/p>\n","protected":false},"author":1,"featured_media":0,"comment_status":"open","ping_status":"open","sticky":false,"template":"","format":"standard","meta":{"_eb_attr":"","footnotes":""},"categories":[5,4,3,1],"tags":[],"class_list":["post-565","post","type-post","status-publish","format-standard","hentry","category-allgemeines","category-musikkapelle","category-termine","category-uncategorized"],"_links":{"self":[{"href":"http:\/\/xn--feuerwehr-knigssee-n3b.de\/index.php?rest_route=\/wp\/v2\/posts\/565","targetHints":{"allow":["GET"]}}],"collection":[{"href":"http:\/\/xn--feuerwehr-knigssee-n3b.de\/index.php?rest_route=\/wp\/v2\/posts"}],"about":[{"href":"http:\/\/xn--feuerwehr-knigssee-n3b.de\/index.php?rest_route=\/wp\/v2\/types\/post"}],"author":[{"embeddable":true,"href":"http:\/\/xn--feuerwehr-knigssee-n3b.de\/index.php?rest_route=\/wp\/v2\/users\/1"}],"replies":[{"embeddable":true,"href":"http:\/\/xn--feuerwehr-knigssee-n3b.de\/index.php?rest_route=%2Fwp%2Fv2%2Fcomments&post=565"}],"version-history":[{"count":1,"href":"http:\/\/xn--feuerwehr-knigssee-n3b.de\/index.php?rest_route=\/wp\/v2\/posts\/565\/revisions"}],"predecessor-version":[{"id":566,"href":"http:\/\/xn--feuerwehr-knigssee-n3b.de\/index.php?rest_route=\/wp\/v2\/posts\/565\/revisions\/566"}],"wp:attachment":[{"href":"http:\/\/xn--feuerwehr-knigssee-n3b.de\/index.php?rest_route=%2Fwp%2Fv2%2Fmedia&parent=565"}],"wp:term":[{"taxonomy":"category","embeddable":true,"href":"http:\/\/xn--feuerwehr-knigssee-n3b.de\/index.php?rest_route=%2Fwp%2Fv2%2Fcategories&post=565"},{"taxonomy":"post_tag","embeddable":true,"href":"http:\/\/xn--feuerwehr-knigssee-n3b.de\/index.php?rest_route=%2Fwp%2Fv2%2Ftags&post=565"}],"curies":[{"name":"wp","href":"https:\/\/api.w.org\/{rel}","templated":true}]}}